{"id":2957,"date":"2025-11-18T13:27:29","date_gmt":"2025-11-18T16:27:29","guid":{"rendered":"https:\/\/mtctrat.com.br\/?p=2957"},"modified":"2025-11-18T13:27:33","modified_gmt":"2025-11-18T16:27:33","slug":"cementacao-tratamento-termico-conceitos-e-processo","status":"publish","type":"post","link":"https:\/\/mtctrat.com.br\/en\/cementacao-tratamento-termico-conceitos-e-processo\/","title":{"rendered":"Cementa\u00e7\u00e3o Tratamento T\u00e9rmico: Conceitos e Processo."},"content":{"rendered":"<p>No contexto da engenharia de materiais, a Cementa\u00e7\u00e3o Tratamento T\u00e9rmico \u00e9 um dos processos mais cruciais para a fabrica\u00e7\u00e3o de componentes que exigem alta resist\u00eancia ao desgaste superficial combinada com a capacidade de absorver impactos no n\u00facleo. \u00c9 a ci\u00eancia por tr\u00e1s da durabilidade de engrenagens, eixos e pinos. Portanto, para garantir a performance e a seguran\u00e7a de pe\u00e7as cr\u00edticas, voc\u00ea precisa dominar os conceitos fundamentais deste tratamento termoqu\u00edmico.<\/p>\n\n\n\n<figure class=\"wp-block-image aligncenter size-large\"><img fetchpriority=\"high\" decoding=\"async\" width=\"1024\" height=\"576\" src=\"https:\/\/mtctrat.com.br\/wp-content\/uploads\/2025\/05\/cementacao_mtc_trat-1024x576.jpg\" alt=\"Cementa\u00e7\u00e3o MTC Trat\" class=\"wp-image-2600\" srcset=\"https:\/\/mtctrat.com.br\/wp-content\/uploads\/2025\/05\/cementacao_mtc_trat-1024x576.jpg 1024w, https:\/\/mtctrat.com.br\/wp-content\/uploads\/2025\/05\/cementacao_mtc_trat-300x169.jpg 300w, https:\/\/mtctrat.com.br\/wp-content\/uploads\/2025\/05\/cementacao_mtc_trat-768x432.jpg 768w, https:\/\/mtctrat.com.br\/wp-content\/uploads\/2025\/05\/cementacao_mtc_trat.jpg 1439w\" sizes=\"(max-width: 1024px) 100vw, 1024px\" \/><figcaption class=\"wp-element-caption\"><em>A excel\u00eancia na Cementa\u00e7\u00e3o Tratamento T\u00e9rmico depende do dom\u00ednio da t\u00e9cnica e do controle de qualidade.<\/em><\/figcaption><\/figure>\n\n\n\n<h2 class=\"wp-block-heading\"><strong>O Conceito B\u00e1sico: O Melhor dos Dois Mundos<\/strong><\/h2>\n\n\n\n<p>A <strong>Cementa\u00e7\u00e3o Tratamento T\u00e9rmico<\/strong> \u00e9 classificada como um tratamento termoqu\u00edmico. Seu objetivo principal \u00e9 enriquecer a camada superficial de um a\u00e7o com baixo teor de carbono, criando uma estrutura dual:<\/p>\n\n\n\n<ol start=\"1\" class=\"wp-block-list\">\n<li><strong>&#8220;Casca&#8221; Dura (Superf\u00edcie):<\/strong> Alt\u00edssima dureza, essencial para resistir ao atrito e ao desgaste.<\/li>\n\n\n\n<li><strong>&#8220;Miolo&#8221; Tenaz (N\u00facleo):<\/strong> Mant\u00e9m a tenacidade e a ductilidade, crucial para suportar choques e vibra\u00e7\u00f5es sem fraturar.<\/li>\n<\/ol>\n\n\n\n<p>Assim<strong>,<\/strong> a pe\u00e7a cementada pode resistir a cargas extremas por longos per\u00edodos.<\/p>\n\n\n\n<p><strong>O Processo: As Tr\u00eas Etapas Fundamentais<\/strong><\/p>\n\n\n\n<p>O sucesso da <strong>Cementa\u00e7\u00e3o Tratamento T\u00e9rmico<\/strong> depende do rigoroso controle em tr\u00eas etapas principais:<\/p>\n\n\n\n<p><strong>1. Cementa\u00e7\u00e3o (O Enriquecimento de Carbono)<\/strong><\/p>\n\n\n\n<ul class=\"wp-block-list\">\n<li><strong>A Escolha do A\u00e7o:<\/strong> O processo exige a\u00e7os de baixo carbono (0,10% a 0,25%) ou de baixa liga (como o SAE 8620) para que o n\u00facleo permane\u00e7a tenaz.<\/li>\n\n\n\n<li><strong>O Aquecimento:<\/strong> Voc\u00ea aquece o a\u00e7o a altas temperaturas (geralmente entre $850^\\circ\\text{C}$ e $950^\\circ\\text{C}$), onde a estrutura cristalina se torna austenita.<\/li>\n\n\n\n<li><strong>A Difus\u00e3o:<\/strong> <strong>Nesse momento,<\/strong> o carbono (proveniente de um meio gasoso, l\u00edquido ou s\u00f3lido) \u00e9 absorvido e se difunde na superf\u00edcie do a\u00e7o. O tempo e a temperatura controlam a <strong>Profundidade de Camada Cementada (CLD)<\/strong>, que deve ser precisa conforme a especifica\u00e7\u00e3o do projeto.<\/li>\n<\/ul>\n\n\n\n<h2 class=\"wp-block-heading\"><strong>2. T\u00eampera (Forma\u00e7\u00e3o da Dureza)<\/strong><\/h2>\n\n\n\n<ul class=\"wp-block-list\">\n<li><strong>Resfriamento R\u00e1pido:<\/strong> Ap\u00f3s a difus\u00e3o, a pe\u00e7a \u00e9 rapidamente resfriada (temperada) em \u00f3leo, \u00e1gua ou g\u00e1s pressurizado.<\/li>\n\n\n\n<li><strong>A Transforma\u00e7\u00e3o:<\/strong> <strong>Consequentemente,<\/strong> a camada superficial enriquecida se transforma em <strong>martensita<\/strong>, a microestrutura que confere a dureza m\u00e1xima. Se este resfriamento for inadequado, pode levar \u00e0 distor\u00e7\u00e3o da pe\u00e7a.<\/li>\n<\/ul>\n\n\n\n<h2 class=\"wp-block-heading\"><strong>3. Revenimento (Al\u00edvio de Tens\u00f5es)<\/strong><\/h2>\n\n\n\n<ul class=\"wp-block-list\">\n<li><strong>Reaquecimento Controlado:<\/strong> A <a href=\"https:\/\/pt.wikipedia.org\/wiki\/Martensita\">martensita<\/a> \u00e9 dura, mas fr\u00e1gil. <strong>Por isso,<\/strong> o revenimento \u00e9 obrigat\u00f3rio: a pe\u00e7a \u00e9 reaquecida a uma temperatura mais baixa ($150^\\circ\\text{C}$ a $250^\\circ\\text{C}$).<\/li>\n\n\n\n<li><strong>Ajuste Final:<\/strong> Este processo alivia as tens\u00f5es internas criadas pela t\u00eampera, <strong>ajusta a dureza<\/strong> para o n\u00edvel ideal e <strong>recupera a tenacidade<\/strong> necess\u00e1ria, garantindo que a pe\u00e7a seja segura e resiliente.<\/li>\n<\/ul>\n\n\n\n<h2 class=\"wp-block-heading\"><strong>Principais Conceitos T\u00e9cnicos<\/strong><\/h2>\n\n\n\n<ul class=\"wp-block-list\">\n<li><strong>CLD (Case Layer Depth):<\/strong> Profundidade da camada superficial que sofreu endurecimento. \u00c9 um par\u00e2metro cr\u00edtico definido pela aplica\u00e7\u00e3o.<\/li>\n\n\n\n<li><strong>Carbono Potencial:<\/strong> A concentra\u00e7\u00e3o de carbono que o g\u00e1s (na cementa\u00e7\u00e3o a g\u00e1s) teoricamente pode fornecer \u00e0 superf\u00edcie do a\u00e7o. O controle preciso deste potencial \u00e9 vital.<\/li>\n\n\n\n<li><strong>Fragilidade por Hidrog\u00eanio:<\/strong> Problema <strong>n\u00e3o<\/strong> associado \u00e0 cementa\u00e7\u00e3o a g\u00e1s (diferente de tratamentos eletrol\u00edticos), garantindo maior seguran\u00e7a em pe\u00e7as de alta resist\u00eancia.<\/li>\n<\/ul>\n\n\n\n<h2 class=\"wp-block-heading\"><strong>MTC Trat: A Autoridade em Cementa\u00e7\u00e3o<\/strong><\/h2>\n\n\n\n<p>A excel\u00eancia na <strong>Cementa\u00e7\u00e3o Tratamento T\u00e9rmico<\/strong> depende do dom\u00ednio da t\u00e9cnica e do controle de qualidade. A <strong>MTC Trat<\/strong> \u00e9 refer\u00eancia h\u00e1 mais de 28 anos porque:<\/p>\n\n\n\n<ul class=\"wp-block-list\">\n<li><strong>Laborat\u00f3rio Pr\u00f3prio:<\/strong> <strong>Al\u00e9m disso,<\/strong> utilizamos nosso laborat\u00f3rio metal\u00fargico para realizar an\u00e1lises de microdureza e microestrutura, assegurando a precis\u00e3o da CLD em cada lote.<\/li>\n\n\n\n<li><strong>Tecnologia:<\/strong> Nossos fornos de \u00faltima gera\u00e7\u00e3o garantem a repetibilidade e a uniformidade do carbono potencial.<\/li>\n<\/ul>\n\n\n\n<p>Em resumo, ao escolher a MTC Trat, voc\u00ea garante um <a href=\"https:\/\/mtctrat.com.br\/cementacao\/\">Processo de Cementa\u00e7\u00e3o<\/a> que entrega m\u00e1xima seguran\u00e7a e durabilidade.<\/p>\n\n\n\n<p><\/p>","protected":false},"excerpt":{"rendered":"<p>No contexto da engenharia de materiais, a Cementa\u00e7\u00e3o Tratamento T\u00e9rmico \u00e9 um dos processos mais cruciais para a fabrica\u00e7\u00e3o de componentes que exigem alta resist\u00eancia ao desgaste superficial combinada com a capacidade de absorver impactos no n\u00facleo. \u00c9 a ci\u00eancia por tr\u00e1s da durabilidade de engrenagens, eixos e pinos. Portanto, para garantir a performance e [&hellip;]<\/p>","protected":false},"author":6,"featured_media":2695,"comment_status":"closed","ping_status":"open","sticky":false,"template":"","format":"standard","meta":{"footnotes":""},"categories":[77],"tags":[84],"class_list":["post-2957","post","type-post","status-publish","format-standard","has-post-thumbnail","hentry","category-cementacao","tag-cementacao"],"yoast_head":"<!-- This site is optimized with the Yoast SEO plugin v25.7 - https:\/\/yoast.com\/wordpress\/plugins\/seo\/ -->\n<title>Cementa\u00e7\u00e3o Tratamento T\u00e9rmico: Conceitos e Processo.<\/title>\n<meta name=\"description\" content=\"Entenda o que \u00e9 Cementa\u00e7\u00e3o Tratamento T\u00e9rmico, suas todas as etapas (t\u00eampera, revenimento) e a import\u00e2ncia da CLD.\" \/>\n<meta name=\"robots\" content=\"index, follow, max-snippet:-1, max-image-preview:large, max-video-preview:-1\" \/>\n<link rel=\"canonical\" href=\"https:\/\/mtctrat.com.br\/en\/cementacao-tratamento-termico-conceitos-e-processo\/\" \/>\n<meta property=\"og:locale\" content=\"en_US\" \/>\n<meta property=\"og:type\" content=\"article\" \/>\n<meta property=\"og:title\" content=\"Cementa\u00e7\u00e3o Tratamento T\u00e9rmico: Conceitos e Processo.\" \/>\n<meta property=\"og:description\" content=\"Entenda o que \u00e9 Cementa\u00e7\u00e3o Tratamento T\u00e9rmico, suas todas as etapas (t\u00eampera, revenimento) e a import\u00e2ncia da CLD.\" \/>\n<meta property=\"og:url\" content=\"https:\/\/mtctrat.com.br\/en\/cementacao-tratamento-termico-conceitos-e-processo\/\" \/>\n<meta property=\"og:site_name\" content=\"MTC Trat\" \/>\n<meta property=\"article:publisher\" content=\"https:\/\/www.facebook.com\/mtctrat\" \/>\n<meta property=\"article:published_time\" content=\"2025-11-18T16:27:29+00:00\" \/>\n<meta property=\"article:modified_time\" content=\"2025-11-18T16:27:33+00:00\" \/>\n<meta property=\"og:image\" content=\"https:\/\/mtctrat.com.br\/wp-content\/uploads\/2025\/07\/17278072-543b-4d18-9d30-a6b1a06adb45.jpg\" \/>\n\t<meta property=\"og:image:width\" content=\"1179\" \/>\n\t<meta property=\"og:image:height\" content=\"771\" \/>\n\t<meta property=\"og:image:type\" content=\"image\/jpeg\" \/>\n<meta name=\"author\" content=\"mtctrat\" \/>\n<meta name=\"twitter:card\" content=\"summary_large_image\" \/>\n<meta name=\"twitter:label1\" content=\"Written by\" \/>\n\t<meta name=\"twitter:data1\" content=\"mtctrat\" \/>\n\t<meta name=\"twitter:label2\" content=\"Est. reading time\" \/>\n\t<meta name=\"twitter:data2\" content=\"4 minutes\" \/>\n<script type=\"application\/ld+json\" class=\"yoast-schema-graph\">{\"@context\":\"https:\/\/schema.org\",\"@graph\":[{\"@type\":\"Article\",\"@id\":\"https:\/\/mtctrat.com.br\/cementacao-tratamento-termico-conceitos-e-processo\/#article\",\"isPartOf\":{\"@id\":\"https:\/\/mtctrat.com.br\/cementacao-tratamento-termico-conceitos-e-processo\/\"},\"author\":{\"name\":\"mtctrat\",\"@id\":\"https:\/\/mtctrat.com.br\/#\/schema\/person\/59d734acf80b15b61302eb4cd63cc2d2\"},\"headline\":\"Cementa\u00e7\u00e3o Tratamento T\u00e9rmico: Conceitos e Processo.\",\"datePublished\":\"2025-11-18T16:27:29+00:00\",\"dateModified\":\"2025-11-18T16:27:33+00:00\",\"mainEntityOfPage\":{\"@id\":\"https:\/\/mtctrat.com.br\/cementacao-tratamento-termico-conceitos-e-processo\/\"},\"wordCount\":652,\"publisher\":{\"@id\":\"https:\/\/mtctrat.com.br\/#organization\"},\"image\":{\"@id\":\"https:\/\/mtctrat.com.br\/cementacao-tratamento-termico-conceitos-e-processo\/#primaryimage\"},\"thumbnailUrl\":\"https:\/\/mtctrat.com.br\/wp-content\/uploads\/2025\/07\/17278072-543b-4d18-9d30-a6b1a06adb45.jpg\",\"keywords\":[\"Cementa\u00e7\u00e3o\"],\"articleSection\":[\"Cementa\u00e7\u00e3o\"],\"inLanguage\":\"en-US\"},{\"@type\":\"WebPage\",\"@id\":\"https:\/\/mtctrat.com.br\/cementacao-tratamento-termico-conceitos-e-processo\/\",\"url\":\"https:\/\/mtctrat.com.br\/cementacao-tratamento-termico-conceitos-e-processo\/\",\"name\":\"Cementa\u00e7\u00e3o Tratamento T\u00e9rmico: Conceitos e Processo.\",\"isPartOf\":{\"@id\":\"https:\/\/mtctrat.com.br\/#website\"},\"primaryImageOfPage\":{\"@id\":\"https:\/\/mtctrat.com.br\/cementacao-tratamento-termico-conceitos-e-processo\/#primaryimage\"},\"image\":{\"@id\":\"https:\/\/mtctrat.com.br\/cementacao-tratamento-termico-conceitos-e-processo\/#primaryimage\"},\"thumbnailUrl\":\"https:\/\/mtctrat.com.br\/wp-content\/uploads\/2025\/07\/17278072-543b-4d18-9d30-a6b1a06adb45.jpg\",\"datePublished\":\"2025-11-18T16:27:29+00:00\",\"dateModified\":\"2025-11-18T16:27:33+00:00\",\"description\":\"Entenda o que \u00e9 Cementa\u00e7\u00e3o Tratamento T\u00e9rmico, suas todas as etapas (t\u00eampera, revenimento) e a import\u00e2ncia da CLD.\",\"breadcrumb\":{\"@id\":\"https:\/\/mtctrat.com.br\/cementacao-tratamento-termico-conceitos-e-processo\/#breadcrumb\"},\"inLanguage\":\"en-US\",\"potentialAction\":[{\"@type\":\"ReadAction\",\"target\":[\"https:\/\/mtctrat.com.br\/cementacao-tratamento-termico-conceitos-e-processo\/\"]}]},{\"@type\":\"ImageObject\",\"inLanguage\":\"en-US\",\"@id\":\"https:\/\/mtctrat.com.br\/cementacao-tratamento-termico-conceitos-e-processo\/#primaryimage\",\"url\":\"https:\/\/mtctrat.com.br\/wp-content\/uploads\/2025\/07\/17278072-543b-4d18-9d30-a6b1a06adb45.jpg\",\"contentUrl\":\"https:\/\/mtctrat.com.br\/wp-content\/uploads\/2025\/07\/17278072-543b-4d18-9d30-a6b1a06adb45.jpg\",\"width\":1179,\"height\":771,\"caption\":\"Cementa\u00e7\u00e3o a G\u00e1s\"},{\"@type\":\"BreadcrumbList\",\"@id\":\"https:\/\/mtctrat.com.br\/cementacao-tratamento-termico-conceitos-e-processo\/#breadcrumb\",\"itemListElement\":[{\"@type\":\"ListItem\",\"position\":1,\"name\":\"In\u00edcio\",\"item\":\"https:\/\/mtctrat.com.br\/\"},{\"@type\":\"ListItem\",\"position\":2,\"name\":\"Cementa\u00e7\u00e3o Tratamento T\u00e9rmico: Conceitos e Processo.\"}]},{\"@type\":\"WebSite\",\"@id\":\"https:\/\/mtctrat.com.br\/#website\",\"url\":\"https:\/\/mtctrat.com.br\/\",\"name\":\"MTC Trat\",\"description\":\"Tratamentos T\u00e9rmicos e Superficiais\",\"publisher\":{\"@id\":\"https:\/\/mtctrat.com.br\/#organization\"},\"potentialAction\":[{\"@type\":\"SearchAction\",\"target\":{\"@type\":\"EntryPoint\",\"urlTemplate\":\"https:\/\/mtctrat.com.br\/?s={search_term_string}\"},\"query-input\":{\"@type\":\"PropertyValueSpecification\",\"valueRequired\":true,\"valueName\":\"search_term_string\"}}],\"inLanguage\":\"en-US\"},{\"@type\":\"Organization\",\"@id\":\"https:\/\/mtctrat.com.br\/#organization\",\"name\":\"Mult Tempera\",\"url\":\"https:\/\/mtctrat.com.br\/\",\"logo\":{\"@type\":\"ImageObject\",\"inLanguage\":\"en-US\",\"@id\":\"https:\/\/mtctrat.com.br\/#\/schema\/logo\/image\/\",\"url\":\"https:\/\/mtctrat.com.br\/wp-content\/uploads\/2021\/01\/Logos_MTCTrat.png\",\"contentUrl\":\"https:\/\/mtctrat.com.br\/wp-content\/uploads\/2021\/01\/Logos_MTCTrat.png\",\"width\":1500,\"height\":600,\"caption\":\"Mult Tempera\"},\"image\":{\"@id\":\"https:\/\/mtctrat.com.br\/#\/schema\/logo\/image\/\"},\"sameAs\":[\"https:\/\/www.facebook.com\/mtctrat\"]},{\"@type\":\"Person\",\"@id\":\"https:\/\/mtctrat.com.br\/#\/schema\/person\/59d734acf80b15b61302eb4cd63cc2d2\",\"name\":\"mtctrat\",\"image\":{\"@type\":\"ImageObject\",\"inLanguage\":\"en-US\",\"@id\":\"https:\/\/mtctrat.com.br\/#\/schema\/person\/image\/\",\"url\":\"https:\/\/secure.gravatar.com\/avatar\/de6ca0434183b0dda633bb8f6b2e3c7fc540ada2f6997314d71feeb661456f2d?s=96&d=mm&r=g\",\"contentUrl\":\"https:\/\/secure.gravatar.com\/avatar\/de6ca0434183b0dda633bb8f6b2e3c7fc540ada2f6997314d71feeb661456f2d?s=96&d=mm&r=g\",\"caption\":\"mtctrat\"},\"url\":\"https:\/\/mtctrat.com.br\/en\/author\/mtctrat\/\"}]}<\/script>\n<!-- \/ Yoast SEO plugin. -->","yoast_head_json":{"title":"Cementa\u00e7\u00e3o Tratamento T\u00e9rmico: Conceitos e Processo.","description":"Entenda o que \u00e9 Cementa\u00e7\u00e3o Tratamento T\u00e9rmico, suas todas as etapas (t\u00eampera, revenimento) e a import\u00e2ncia da CLD.","robots":{"index":"index","follow":"follow","max-snippet":"max-snippet:-1","max-image-preview":"max-image-preview:large","max-video-preview":"max-video-preview:-1"},"canonical":"https:\/\/mtctrat.com.br\/en\/cementacao-tratamento-termico-conceitos-e-processo\/","og_locale":"en_US","og_type":"article","og_title":"Cementa\u00e7\u00e3o Tratamento T\u00e9rmico: Conceitos e Processo.","og_description":"Entenda o que \u00e9 Cementa\u00e7\u00e3o Tratamento T\u00e9rmico, suas todas as etapas (t\u00eampera, revenimento) e a import\u00e2ncia da CLD.","og_url":"https:\/\/mtctrat.com.br\/en\/cementacao-tratamento-termico-conceitos-e-processo\/","og_site_name":"MTC Trat","article_publisher":"https:\/\/www.facebook.com\/mtctrat","article_published_time":"2025-11-18T16:27:29+00:00","article_modified_time":"2025-11-18T16:27:33+00:00","og_image":[{"width":1179,"height":771,"url":"https:\/\/mtctrat.com.br\/wp-content\/uploads\/2025\/07\/17278072-543b-4d18-9d30-a6b1a06adb45.jpg","type":"image\/jpeg"}],"author":"mtctrat","twitter_card":"summary_large_image","twitter_misc":{"Written by":"mtctrat","Est. reading time":"4 minutes"},"schema":{"@context":"https:\/\/schema.org","@graph":[{"@type":"Article","@id":"https:\/\/mtctrat.com.br\/cementacao-tratamento-termico-conceitos-e-processo\/#article","isPartOf":{"@id":"https:\/\/mtctrat.com.br\/cementacao-tratamento-termico-conceitos-e-processo\/"},"author":{"name":"mtctrat","@id":"https:\/\/mtctrat.com.br\/#\/schema\/person\/59d734acf80b15b61302eb4cd63cc2d2"},"headline":"Cementa\u00e7\u00e3o Tratamento T\u00e9rmico: Conceitos e Processo.","datePublished":"2025-11-18T16:27:29+00:00","dateModified":"2025-11-18T16:27:33+00:00","mainEntityOfPage":{"@id":"https:\/\/mtctrat.com.br\/cementacao-tratamento-termico-conceitos-e-processo\/"},"wordCount":652,"publisher":{"@id":"https:\/\/mtctrat.com.br\/#organization"},"image":{"@id":"https:\/\/mtctrat.com.br\/cementacao-tratamento-termico-conceitos-e-processo\/#primaryimage"},"thumbnailUrl":"https:\/\/mtctrat.com.br\/wp-content\/uploads\/2025\/07\/17278072-543b-4d18-9d30-a6b1a06adb45.jpg","keywords":["Cementa\u00e7\u00e3o"],"articleSection":["Cementa\u00e7\u00e3o"],"inLanguage":"en-US"},{"@type":"WebPage","@id":"https:\/\/mtctrat.com.br\/cementacao-tratamento-termico-conceitos-e-processo\/","url":"https:\/\/mtctrat.com.br\/cementacao-tratamento-termico-conceitos-e-processo\/","name":"Cementa\u00e7\u00e3o Tratamento T\u00e9rmico: Conceitos e Processo.","isPartOf":{"@id":"https:\/\/mtctrat.com.br\/#website"},"primaryImageOfPage":{"@id":"https:\/\/mtctrat.com.br\/cementacao-tratamento-termico-conceitos-e-processo\/#primaryimage"},"image":{"@id":"https:\/\/mtctrat.com.br\/cementacao-tratamento-termico-conceitos-e-processo\/#primaryimage"},"thumbnailUrl":"https:\/\/mtctrat.com.br\/wp-content\/uploads\/2025\/07\/17278072-543b-4d18-9d30-a6b1a06adb45.jpg","datePublished":"2025-11-18T16:27:29+00:00","dateModified":"2025-11-18T16:27:33+00:00","description":"Entenda o que \u00e9 Cementa\u00e7\u00e3o Tratamento T\u00e9rmico, suas todas as etapas (t\u00eampera, revenimento) e a import\u00e2ncia da CLD.","breadcrumb":{"@id":"https:\/\/mtctrat.com.br\/cementacao-tratamento-termico-conceitos-e-processo\/#breadcrumb"},"inLanguage":"en-US","potentialAction":[{"@type":"ReadAction","target":["https:\/\/mtctrat.com.br\/cementacao-tratamento-termico-conceitos-e-processo\/"]}]},{"@type":"ImageObject","inLanguage":"en-US","@id":"https:\/\/mtctrat.com.br\/cementacao-tratamento-termico-conceitos-e-processo\/#primaryimage","url":"https:\/\/mtctrat.com.br\/wp-content\/uploads\/2025\/07\/17278072-543b-4d18-9d30-a6b1a06adb45.jpg","contentUrl":"https:\/\/mtctrat.com.br\/wp-content\/uploads\/2025\/07\/17278072-543b-4d18-9d30-a6b1a06adb45.jpg","width":1179,"height":771,"caption":"Cementa\u00e7\u00e3o a G\u00e1s"},{"@type":"BreadcrumbList","@id":"https:\/\/mtctrat.com.br\/cementacao-tratamento-termico-conceitos-e-processo\/#breadcrumb","itemListElement":[{"@type":"ListItem","position":1,"name":"In\u00edcio","item":"https:\/\/mtctrat.com.br\/"},{"@type":"ListItem","position":2,"name":"Cementa\u00e7\u00e3o Tratamento T\u00e9rmico: Conceitos e Processo."}]},{"@type":"WebSite","@id":"https:\/\/mtctrat.com.br\/#website","url":"https:\/\/mtctrat.com.br\/","name":"MTC Trat","description":"Tratamentos T\u00e9rmicos e Superficiais","publisher":{"@id":"https:\/\/mtctrat.com.br\/#organization"},"potentialAction":[{"@type":"SearchAction","target":{"@type":"EntryPoint","urlTemplate":"https:\/\/mtctrat.com.br\/?s={search_term_string}"},"query-input":{"@type":"PropertyValueSpecification","valueRequired":true,"valueName":"search_term_string"}}],"inLanguage":"en-US"},{"@type":"Organization","@id":"https:\/\/mtctrat.com.br\/#organization","name":"Mult Tempera","url":"https:\/\/mtctrat.com.br\/","logo":{"@type":"ImageObject","inLanguage":"en-US","@id":"https:\/\/mtctrat.com.br\/#\/schema\/logo\/image\/","url":"https:\/\/mtctrat.com.br\/wp-content\/uploads\/2021\/01\/Logos_MTCTrat.png","contentUrl":"https:\/\/mtctrat.com.br\/wp-content\/uploads\/2021\/01\/Logos_MTCTrat.png","width":1500,"height":600,"caption":"Mult Tempera"},"image":{"@id":"https:\/\/mtctrat.com.br\/#\/schema\/logo\/image\/"},"sameAs":["https:\/\/www.facebook.com\/mtctrat"]},{"@type":"Person","@id":"https:\/\/mtctrat.com.br\/#\/schema\/person\/59d734acf80b15b61302eb4cd63cc2d2","name":"mtctrat","image":{"@type":"ImageObject","inLanguage":"en-US","@id":"https:\/\/mtctrat.com.br\/#\/schema\/person\/image\/","url":"https:\/\/secure.gravatar.com\/avatar\/de6ca0434183b0dda633bb8f6b2e3c7fc540ada2f6997314d71feeb661456f2d?s=96&d=mm&r=g","contentUrl":"https:\/\/secure.gravatar.com\/avatar\/de6ca0434183b0dda633bb8f6b2e3c7fc540ada2f6997314d71feeb661456f2d?s=96&d=mm&r=g","caption":"mtctrat"},"url":"https:\/\/mtctrat.com.br\/en\/author\/mtctrat\/"}]}},"_links":{"self":[{"href":"https:\/\/mtctrat.com.br\/en\/wp-json\/wp\/v2\/posts\/2957","targetHints":{"allow":["GET"]}}],"collection":[{"href":"https:\/\/mtctrat.com.br\/en\/wp-json\/wp\/v2\/posts"}],"about":[{"href":"https:\/\/mtctrat.com.br\/en\/wp-json\/wp\/v2\/types\/post"}],"author":[{"embeddable":true,"href":"https:\/\/mtctrat.com.br\/en\/wp-json\/wp\/v2\/users\/6"}],"replies":[{"embeddable":true,"href":"https:\/\/mtctrat.com.br\/en\/wp-json\/wp\/v2\/comments?post=2957"}],"version-history":[{"count":1,"href":"https:\/\/mtctrat.com.br\/en\/wp-json\/wp\/v2\/posts\/2957\/revisions"}],"predecessor-version":[{"id":2958,"href":"https:\/\/mtctrat.com.br\/en\/wp-json\/wp\/v2\/posts\/2957\/revisions\/2958"}],"wp:featuredmedia":[{"embeddable":true,"href":"https:\/\/mtctrat.com.br\/en\/wp-json\/wp\/v2\/media\/2695"}],"wp:attachment":[{"href":"https:\/\/mtctrat.com.br\/en\/wp-json\/wp\/v2\/media?parent=2957"}],"wp:term":[{"taxonomy":"category","embeddable":true,"href":"https:\/\/mtctrat.com.br\/en\/wp-json\/wp\/v2\/categories?post=2957"},{"taxonomy":"post_tag","embeddable":true,"href":"https:\/\/mtctrat.com.br\/en\/wp-json\/wp\/v2\/tags?post=2957"}],"curies":[{"name":"wp","href":"https:\/\/api.w.org\/{rel}","templated":true}]}}