{"id":2959,"date":"2025-11-18T13:46:09","date_gmt":"2025-11-18T16:46:09","guid":{"rendered":"https:\/\/mtctrat.com.br\/?p=2959"},"modified":"2025-11-18T13:47:44","modified_gmt":"2025-11-18T16:47:44","slug":"revenimento-o-ajuste-fino-que-transforma-dureza-em-tenacidade","status":"publish","type":"post","link":"https:\/\/mtctrat.com.br\/en\/revenimento-o-ajuste-fino-que-transforma-dureza-em-tenacidade\/","title":{"rendered":"Revenimento: O Ajuste Fino que Transforma Dureza em Tenacidade"},"content":{"rendered":"<p>No ciclo do tratamento t\u00e9rmico, a etapa da t\u00eampera \u00e9 essencial para atingir a m\u00e1xima dureza no a\u00e7o. No entanto, o material temperado, com sua estrutura martens\u00edtica, \u00e9 extremamente fr\u00e1gil e cheio de tens\u00f5es internas. Portanto, o processo que garante a seguran\u00e7a, a usabilidade e a longevidade da pe\u00e7a \u00e9 o Revenimento Tratamento T\u00e9rmico.<\/p>\n\n\n\n<p>Este processo n\u00e3o \u00e9 opcional; ele \u00e9 o toque final que equilibra a alta dureza da t\u00eampera com a tenacidade necess\u00e1ria para que o material resista a choques e cargas de trabalho sem trincar ou quebrar.<\/p>\n\n\n\n<figure class=\"wp-block-image aligncenter size-large\"><img fetchpriority=\"high\" decoding=\"async\" width=\"1024\" height=\"686\" src=\"https:\/\/mtctrat.com.br\/wp-content\/uploads\/2021\/02\/521-1024x686.jpg\" alt=\"Tratamento T\u00e9rmico\" class=\"wp-image-1507\" srcset=\"https:\/\/mtctrat.com.br\/wp-content\/uploads\/2021\/02\/521-1024x686.jpg 1024w, https:\/\/mtctrat.com.br\/wp-content\/uploads\/2021\/02\/521-300x201.jpg 300w, https:\/\/mtctrat.com.br\/wp-content\/uploads\/2021\/02\/521-768x514.jpg 768w, https:\/\/mtctrat.com.br\/wp-content\/uploads\/2021\/02\/521-1536x1028.jpg 1536w, https:\/\/mtctrat.com.br\/wp-content\/uploads\/2021\/02\/521-scaled.jpg 2048w\" sizes=\"(max-width: 1024px) 100vw, 1024px\" \/><figcaption class=\"wp-element-caption\"><em>O Revenimento \u00e9 o verdadeiro guardi\u00e3o da seguran\u00e7a e da durabilidade do a\u00e7o temperado.<\/em><\/figcaption><\/figure>\n\n\n\n<h2 class=\"wp-block-heading\">O Conceito Chave do Revenimento: Al\u00edvio de Tens\u00f5es e Ajuste de Propriedades<\/h2>\n\n\n\n<p>O <strong>Revenimento Tratamento T\u00e9rmico<\/strong> consiste em reaquecer o a\u00e7o temperado a uma temperatura controlada e substancialmente mais baixa que a da t\u00eampera (geralmente entre $150^\\circ\\text{C}$ e $600^\\circ\\text{C}$).<\/p>\n\n\n\n<p><strong>O objetivo principal \u00e9 duplo:<\/strong><\/p>\n\n\n\n<ol start=\"1\" class=\"wp-block-list\">\n<li><strong><a href=\"https:\/\/pt.wikipedia.org\/wiki\/Ficheiro:Al%C3%ADvio_de_tens%C3%B5es_residuais.png\">Al\u00edvio de Tens\u00f5es<\/a>:<\/strong> Voc\u00ea reduz as tens\u00f5es internas brutais geradas pelo resfriamento r\u00e1pido da t\u00eampera, o que previne a <strong>fragilidade<\/strong> e a distor\u00e7\u00e3o da pe\u00e7a.<\/li>\n\n\n\n<li><strong>Ajuste da Dureza:<\/strong> O reaquecimento permite que a martensita se decomponha sutilmente, ajustando o n\u00edvel de dureza para o patamar exato exigido pela aplica\u00e7\u00e3o, enquanto aumenta drasticamente a <strong>tenacidade<\/strong> (resist\u00eancia \u00e0 fratura).<\/li>\n<\/ol>\n\n\n\n<p>Assim<strong>,<\/strong> o revenimento transforma o a\u00e7o de um material fr\u00e1gil e duro em um componente forte, resiliente e seguro.<\/p>\n\n\n\n<h2 class=\"wp-block-heading\">As Tr\u00eas Faixas de Revenimento e Suas Aplica\u00e7\u00f5es<\/h2>\n\n\n\n<p>A temperatura na qual o <strong><a href=\"https:\/\/mtctrat.com.br\/tempera-e-revenimento\/\">Revenimento Tratamento T\u00e9rmico<\/a><\/strong> \u00e9 realizado determina as propriedades finais do a\u00e7o. <strong>Consequentemente,<\/strong> as faixas de temperatura se relacionam diretamente com a aplica\u00e7\u00e3o:<\/p>\n\n\n\n<p><strong>1. Revenimento a Baixa Temperatura ($150^\\circ\\text{C}$ a $250^\\circ\\text{C}$)<\/strong><\/p>\n\n\n\n<ul class=\"wp-block-list\">\n<li><strong>Objetivo:<\/strong> M\u00e1xima dureza e m\u00ednima redu\u00e7\u00e3o da resist\u00eancia ao desgaste.<\/li>\n\n\n\n<li><strong>Aplica\u00e7\u00f5es:<\/strong> Ferramentas de corte e medi\u00e7\u00e3o, onde a dureza \u00e9 prioridade absoluta.<\/li>\n<\/ul>\n\n\n\n<p><strong>2. Revenimento a Temperatura M\u00e9dia ($250^\\circ\\text{C}$ a $450^\\circ\\text{C}$)<\/strong><\/p>\n\n\n\n<ul class=\"wp-block-list\">\n<li><strong>Objetivo:<\/strong> Boa combina\u00e7\u00e3o de dureza e tenacidade.<\/li>\n\n\n\n<li><strong>Aplica\u00e7\u00f5es:<\/strong> Molas, pe\u00e7as que exigem elasticidade e alta resist\u00eancia \u00e0 fadiga.<\/li>\n<\/ul>\n\n\n\n<p><strong>3. Revenimento a Alta Temperatura ($450^\\circ\\text{C}$ a $650^\\circ\\text{C}$)<\/strong><\/p>\n\n\n\n<ul class=\"wp-block-list\">\n<li><strong>Objetivo:<\/strong> M\u00e1xima tenacidade e ductilidade, com sacrif\u00edcio controlado da dureza.<\/li>\n\n\n\n<li><strong>Aplica\u00e7\u00f5es:<\/strong> Pe\u00e7as de m\u00e1quinas estruturais, eixos e componentes sujeitos a altos impactos.<\/li>\n<\/ul>\n\n\n\n<h2 class=\"wp-block-heading\">A Import\u00e2ncia do Controle na MTC Trat<\/h2>\n\n\n\n<p>Um <strong>Revenimento Tratamento T\u00e9rmico<\/strong> incorreto, seja por temperatura ou tempo inadequado, pode arruinar o trabalho da t\u00eampera, levando \u00e0 fragilidade ou a uma dureza insuficiente.<\/p>\n\n\n\n<p>Na <strong>MTC Trat<\/strong>, garantimos a precis\u00e3o do revenimento atrav\u00e9s de:<\/p>\n\n\n\n<ul class=\"wp-block-list\">\n<li><strong>Controle Rigoroso:<\/strong> Utilizamos fornos com controle de temperatura de alta precis\u00e3o, monitorando e registrando todo o ciclo de reaquecimento.<\/li>\n\n\n\n<li><strong>Laborat\u00f3rio Pr\u00f3prio:<\/strong> <strong>Al\u00e9m disso,<\/strong> ap\u00f3s o processo, validamos o resultado com testes de dureza e microestrutura, garantindo que o equil\u00edbrio ideal entre dureza e tenacidade tenha sido alcan\u00e7ado conforme a sua especifica\u00e7\u00e3o.<\/li>\n<\/ul>\n\n\n\n<p>Em resumo, o Revenimento \u00e9 o verdadeiro guardi\u00e3o da seguran\u00e7a e da durabilidade do a\u00e7o temperado. Confie na <strong>MTC Trat<\/strong> para aplicar esta ci\u00eancia com a m\u00e1xima precis\u00e3o.<\/p>\n\n\n\n<p><\/p>","protected":false},"excerpt":{"rendered":"<p>No ciclo do tratamento t\u00e9rmico, a etapa da t\u00eampera \u00e9 essencial para atingir a m\u00e1xima dureza no a\u00e7o. No entanto, o material temperado, com sua estrutura martens\u00edtica, \u00e9 extremamente fr\u00e1gil e cheio de tens\u00f5es internas. Portanto, o processo que garante a seguran\u00e7a, a usabilidade e a longevidade da pe\u00e7a \u00e9 o Revenimento Tratamento T\u00e9rmico. Este [&hellip;]<\/p>","protected":false},"author":6,"featured_media":1244,"comment_status":"closed","ping_status":"open","sticky":false,"template":"","format":"standard","meta":{"footnotes":""},"categories":[92,78],"tags":[93],"class_list":["post-2959","post","type-post","status-publish","format-standard","has-post-thumbnail","hentry","category-revenimento","category-tratamento-termico","tag-revenimento"],"yoast_head":"<!-- This site is optimized with the Yoast SEO plugin v25.7 - https:\/\/yoast.com\/wordpress\/plugins\/seo\/ -->\n<title>Revenimento Tratamento T\u00e9rmico: Conceitos e Aplica\u00e7\u00f5es.<\/title>\n<meta name=\"description\" content=\"Revenimento \u00e9 o guardi\u00e3o da seguran\u00e7a e da durabilidade do a\u00e7o temperado. Confie na MTC Trat para aplicar esta ci\u00eancia com a m\u00e1xima precis\u00e3o.\" \/>\n<meta name=\"robots\" content=\"index, follow, max-snippet:-1, max-image-preview:large, max-video-preview:-1\" \/>\n<link rel=\"canonical\" href=\"https:\/\/mtctrat.com.br\/en\/revenimento-o-ajuste-fino-que-transforma-dureza-em-tenacidade\/\" \/>\n<meta property=\"og:locale\" content=\"en_US\" \/>\n<meta property=\"og:type\" content=\"article\" \/>\n<meta property=\"og:title\" content=\"Revenimento Tratamento T\u00e9rmico: Conceitos e Aplica\u00e7\u00f5es.\" \/>\n<meta property=\"og:description\" content=\"Revenimento \u00e9 o guardi\u00e3o da seguran\u00e7a e da durabilidade do a\u00e7o temperado. Confie na MTC Trat para aplicar esta ci\u00eancia com a m\u00e1xima precis\u00e3o.\" \/>\n<meta property=\"og:url\" content=\"https:\/\/mtctrat.com.br\/en\/revenimento-o-ajuste-fino-que-transforma-dureza-em-tenacidade\/\" \/>\n<meta property=\"og:site_name\" content=\"MTC Trat\" \/>\n<meta property=\"article:publisher\" content=\"https:\/\/www.facebook.com\/mtctrat\" \/>\n<meta property=\"article:published_time\" content=\"2025-11-18T16:46:09+00:00\" \/>\n<meta property=\"article:modified_time\" content=\"2025-11-18T16:47:44+00:00\" \/>\n<meta property=\"og:image\" content=\"https:\/\/mtctrat.com.br\/wp-content\/uploads\/2020\/07\/home-bg-destaque2.jpg\" \/>\n\t<meta property=\"og:image:width\" content=\"1800\" \/>\n\t<meta property=\"og:image:height\" content=\"1069\" \/>\n\t<meta property=\"og:image:type\" content=\"image\/jpeg\" \/>\n<meta name=\"author\" content=\"mtctrat\" \/>\n<meta name=\"twitter:card\" content=\"summary_large_image\" \/>\n<meta name=\"twitter:label1\" content=\"Written by\" \/>\n\t<meta name=\"twitter:data1\" content=\"mtctrat\" \/>\n\t<meta name=\"twitter:label2\" content=\"Est. reading time\" \/>\n\t<meta name=\"twitter:data2\" content=\"3 minutes\" \/>\n<script type=\"application\/ld+json\" class=\"yoast-schema-graph\">{\"@context\":\"https:\/\/schema.org\",\"@graph\":[{\"@type\":\"Article\",\"@id\":\"https:\/\/mtctrat.com.br\/revenimento-o-ajuste-fino-que-transforma-dureza-em-tenacidade\/#article\",\"isPartOf\":{\"@id\":\"https:\/\/mtctrat.com.br\/revenimento-o-ajuste-fino-que-transforma-dureza-em-tenacidade\/\"},\"author\":{\"name\":\"mtctrat\",\"@id\":\"https:\/\/mtctrat.com.br\/#\/schema\/person\/59d734acf80b15b61302eb4cd63cc2d2\"},\"headline\":\"Revenimento: O Ajuste Fino que Transforma Dureza em Tenacidade\",\"datePublished\":\"2025-11-18T16:46:09+00:00\",\"dateModified\":\"2025-11-18T16:47:44+00:00\",\"mainEntityOfPage\":{\"@id\":\"https:\/\/mtctrat.com.br\/revenimento-o-ajuste-fino-que-transforma-dureza-em-tenacidade\/\"},\"wordCount\":548,\"publisher\":{\"@id\":\"https:\/\/mtctrat.com.br\/#organization\"},\"image\":{\"@id\":\"https:\/\/mtctrat.com.br\/revenimento-o-ajuste-fino-que-transforma-dureza-em-tenacidade\/#primaryimage\"},\"thumbnailUrl\":\"https:\/\/mtctrat.com.br\/wp-content\/uploads\/2020\/07\/home-bg-destaque2.jpg\",\"keywords\":[\"Revenimento\"],\"articleSection\":[\"Revenimento\",\"Tratamento T\u00e9rmico\"],\"inLanguage\":\"en-US\"},{\"@type\":\"WebPage\",\"@id\":\"https:\/\/mtctrat.com.br\/revenimento-o-ajuste-fino-que-transforma-dureza-em-tenacidade\/\",\"url\":\"https:\/\/mtctrat.com.br\/revenimento-o-ajuste-fino-que-transforma-dureza-em-tenacidade\/\",\"name\":\"Revenimento Tratamento T\u00e9rmico: Conceitos e Aplica\u00e7\u00f5es.\",\"isPartOf\":{\"@id\":\"https:\/\/mtctrat.com.br\/#website\"},\"primaryImageOfPage\":{\"@id\":\"https:\/\/mtctrat.com.br\/revenimento-o-ajuste-fino-que-transforma-dureza-em-tenacidade\/#primaryimage\"},\"image\":{\"@id\":\"https:\/\/mtctrat.com.br\/revenimento-o-ajuste-fino-que-transforma-dureza-em-tenacidade\/#primaryimage\"},\"thumbnailUrl\":\"https:\/\/mtctrat.com.br\/wp-content\/uploads\/2020\/07\/home-bg-destaque2.jpg\",\"datePublished\":\"2025-11-18T16:46:09+00:00\",\"dateModified\":\"2025-11-18T16:47:44+00:00\",\"description\":\"Revenimento \u00e9 o guardi\u00e3o da seguran\u00e7a e da durabilidade do a\u00e7o temperado. Confie na MTC Trat para aplicar esta ci\u00eancia com a m\u00e1xima precis\u00e3o.\",\"breadcrumb\":{\"@id\":\"https:\/\/mtctrat.com.br\/revenimento-o-ajuste-fino-que-transforma-dureza-em-tenacidade\/#breadcrumb\"},\"inLanguage\":\"en-US\",\"potentialAction\":[{\"@type\":\"ReadAction\",\"target\":[\"https:\/\/mtctrat.com.br\/revenimento-o-ajuste-fino-que-transforma-dureza-em-tenacidade\/\"]}]},{\"@type\":\"ImageObject\",\"inLanguage\":\"en-US\",\"@id\":\"https:\/\/mtctrat.com.br\/revenimento-o-ajuste-fino-que-transforma-dureza-em-tenacidade\/#primaryimage\",\"url\":\"https:\/\/mtctrat.com.br\/wp-content\/uploads\/2020\/07\/home-bg-destaque2.jpg\",\"contentUrl\":\"https:\/\/mtctrat.com.br\/wp-content\/uploads\/2020\/07\/home-bg-destaque2.jpg\",\"width\":1800,\"height\":1069,\"caption\":\"AUSTEMPERA\"},{\"@type\":\"BreadcrumbList\",\"@id\":\"https:\/\/mtctrat.com.br\/revenimento-o-ajuste-fino-que-transforma-dureza-em-tenacidade\/#breadcrumb\",\"itemListElement\":[{\"@type\":\"ListItem\",\"position\":1,\"name\":\"In\u00edcio\",\"item\":\"https:\/\/mtctrat.com.br\/\"},{\"@type\":\"ListItem\",\"position\":2,\"name\":\"Revenimento: O Ajuste Fino que Transforma Dureza em Tenacidade\"}]},{\"@type\":\"WebSite\",\"@id\":\"https:\/\/mtctrat.com.br\/#website\",\"url\":\"https:\/\/mtctrat.com.br\/\",\"name\":\"MTC Trat\",\"description\":\"Tratamentos T\u00e9rmicos e Superficiais\",\"publisher\":{\"@id\":\"https:\/\/mtctrat.com.br\/#organization\"},\"potentialAction\":[{\"@type\":\"SearchAction\",\"target\":{\"@type\":\"EntryPoint\",\"urlTemplate\":\"https:\/\/mtctrat.com.br\/?s={search_term_string}\"},\"query-input\":{\"@type\":\"PropertyValueSpecification\",\"valueRequired\":true,\"valueName\":\"search_term_string\"}}],\"inLanguage\":\"en-US\"},{\"@type\":\"Organization\",\"@id\":\"https:\/\/mtctrat.com.br\/#organization\",\"name\":\"Mult Tempera\",\"url\":\"https:\/\/mtctrat.com.br\/\",\"logo\":{\"@type\":\"ImageObject\",\"inLanguage\":\"en-US\",\"@id\":\"https:\/\/mtctrat.com.br\/#\/schema\/logo\/image\/\",\"url\":\"https:\/\/mtctrat.com.br\/wp-content\/uploads\/2021\/01\/Logos_MTCTrat.png\",\"contentUrl\":\"https:\/\/mtctrat.com.br\/wp-content\/uploads\/2021\/01\/Logos_MTCTrat.png\",\"width\":1500,\"height\":600,\"caption\":\"Mult Tempera\"},\"image\":{\"@id\":\"https:\/\/mtctrat.com.br\/#\/schema\/logo\/image\/\"},\"sameAs\":[\"https:\/\/www.facebook.com\/mtctrat\"]},{\"@type\":\"Person\",\"@id\":\"https:\/\/mtctrat.com.br\/#\/schema\/person\/59d734acf80b15b61302eb4cd63cc2d2\",\"name\":\"mtctrat\",\"image\":{\"@type\":\"ImageObject\",\"inLanguage\":\"en-US\",\"@id\":\"https:\/\/mtctrat.com.br\/#\/schema\/person\/image\/\",\"url\":\"https:\/\/secure.gravatar.com\/avatar\/de6ca0434183b0dda633bb8f6b2e3c7fc540ada2f6997314d71feeb661456f2d?s=96&d=mm&r=g\",\"contentUrl\":\"https:\/\/secure.gravatar.com\/avatar\/de6ca0434183b0dda633bb8f6b2e3c7fc540ada2f6997314d71feeb661456f2d?s=96&d=mm&r=g\",\"caption\":\"mtctrat\"},\"url\":\"https:\/\/mtctrat.com.br\/en\/author\/mtctrat\/\"}]}<\/script>\n<!-- \/ Yoast SEO plugin. -->","yoast_head_json":{"title":"Revenimento Tratamento T\u00e9rmico: Conceitos e Aplica\u00e7\u00f5es.","description":"Revenimento \u00e9 o guardi\u00e3o da seguran\u00e7a e da durabilidade do a\u00e7o temperado. Confie na MTC Trat para aplicar esta ci\u00eancia com a m\u00e1xima precis\u00e3o.","robots":{"index":"index","follow":"follow","max-snippet":"max-snippet:-1","max-image-preview":"max-image-preview:large","max-video-preview":"max-video-preview:-1"},"canonical":"https:\/\/mtctrat.com.br\/en\/revenimento-o-ajuste-fino-que-transforma-dureza-em-tenacidade\/","og_locale":"en_US","og_type":"article","og_title":"Revenimento Tratamento T\u00e9rmico: Conceitos e Aplica\u00e7\u00f5es.","og_description":"Revenimento \u00e9 o guardi\u00e3o da seguran\u00e7a e da durabilidade do a\u00e7o temperado. Confie na MTC Trat para aplicar esta ci\u00eancia com a m\u00e1xima precis\u00e3o.","og_url":"https:\/\/mtctrat.com.br\/en\/revenimento-o-ajuste-fino-que-transforma-dureza-em-tenacidade\/","og_site_name":"MTC Trat","article_publisher":"https:\/\/www.facebook.com\/mtctrat","article_published_time":"2025-11-18T16:46:09+00:00","article_modified_time":"2025-11-18T16:47:44+00:00","og_image":[{"width":1800,"height":1069,"url":"https:\/\/mtctrat.com.br\/wp-content\/uploads\/2020\/07\/home-bg-destaque2.jpg","type":"image\/jpeg"}],"author":"mtctrat","twitter_card":"summary_large_image","twitter_misc":{"Written by":"mtctrat","Est. reading time":"3 minutes"},"schema":{"@context":"https:\/\/schema.org","@graph":[{"@type":"Article","@id":"https:\/\/mtctrat.com.br\/revenimento-o-ajuste-fino-que-transforma-dureza-em-tenacidade\/#article","isPartOf":{"@id":"https:\/\/mtctrat.com.br\/revenimento-o-ajuste-fino-que-transforma-dureza-em-tenacidade\/"},"author":{"name":"mtctrat","@id":"https:\/\/mtctrat.com.br\/#\/schema\/person\/59d734acf80b15b61302eb4cd63cc2d2"},"headline":"Revenimento: O Ajuste Fino que Transforma Dureza em Tenacidade","datePublished":"2025-11-18T16:46:09+00:00","dateModified":"2025-11-18T16:47:44+00:00","mainEntityOfPage":{"@id":"https:\/\/mtctrat.com.br\/revenimento-o-ajuste-fino-que-transforma-dureza-em-tenacidade\/"},"wordCount":548,"publisher":{"@id":"https:\/\/mtctrat.com.br\/#organization"},"image":{"@id":"https:\/\/mtctrat.com.br\/revenimento-o-ajuste-fino-que-transforma-dureza-em-tenacidade\/#primaryimage"},"thumbnailUrl":"https:\/\/mtctrat.com.br\/wp-content\/uploads\/2020\/07\/home-bg-destaque2.jpg","keywords":["Revenimento"],"articleSection":["Revenimento","Tratamento T\u00e9rmico"],"inLanguage":"en-US"},{"@type":"WebPage","@id":"https:\/\/mtctrat.com.br\/revenimento-o-ajuste-fino-que-transforma-dureza-em-tenacidade\/","url":"https:\/\/mtctrat.com.br\/revenimento-o-ajuste-fino-que-transforma-dureza-em-tenacidade\/","name":"Revenimento Tratamento T\u00e9rmico: Conceitos e Aplica\u00e7\u00f5es.","isPartOf":{"@id":"https:\/\/mtctrat.com.br\/#website"},"primaryImageOfPage":{"@id":"https:\/\/mtctrat.com.br\/revenimento-o-ajuste-fino-que-transforma-dureza-em-tenacidade\/#primaryimage"},"image":{"@id":"https:\/\/mtctrat.com.br\/revenimento-o-ajuste-fino-que-transforma-dureza-em-tenacidade\/#primaryimage"},"thumbnailUrl":"https:\/\/mtctrat.com.br\/wp-content\/uploads\/2020\/07\/home-bg-destaque2.jpg","datePublished":"2025-11-18T16:46:09+00:00","dateModified":"2025-11-18T16:47:44+00:00","description":"Revenimento \u00e9 o guardi\u00e3o da seguran\u00e7a e da durabilidade do a\u00e7o temperado. Confie na MTC Trat para aplicar esta ci\u00eancia com a m\u00e1xima precis\u00e3o.","breadcrumb":{"@id":"https:\/\/mtctrat.com.br\/revenimento-o-ajuste-fino-que-transforma-dureza-em-tenacidade\/#breadcrumb"},"inLanguage":"en-US","potentialAction":[{"@type":"ReadAction","target":["https:\/\/mtctrat.com.br\/revenimento-o-ajuste-fino-que-transforma-dureza-em-tenacidade\/"]}]},{"@type":"ImageObject","inLanguage":"en-US","@id":"https:\/\/mtctrat.com.br\/revenimento-o-ajuste-fino-que-transforma-dureza-em-tenacidade\/#primaryimage","url":"https:\/\/mtctrat.com.br\/wp-content\/uploads\/2020\/07\/home-bg-destaque2.jpg","contentUrl":"https:\/\/mtctrat.com.br\/wp-content\/uploads\/2020\/07\/home-bg-destaque2.jpg","width":1800,"height":1069,"caption":"AUSTEMPERA"},{"@type":"BreadcrumbList","@id":"https:\/\/mtctrat.com.br\/revenimento-o-ajuste-fino-que-transforma-dureza-em-tenacidade\/#breadcrumb","itemListElement":[{"@type":"ListItem","position":1,"name":"In\u00edcio","item":"https:\/\/mtctrat.com.br\/"},{"@type":"ListItem","position":2,"name":"Revenimento: O Ajuste Fino que Transforma Dureza em Tenacidade"}]},{"@type":"WebSite","@id":"https:\/\/mtctrat.com.br\/#website","url":"https:\/\/mtctrat.com.br\/","name":"MTC Trat","description":"Tratamentos T\u00e9rmicos e Superficiais","publisher":{"@id":"https:\/\/mtctrat.com.br\/#organization"},"potentialAction":[{"@type":"SearchAction","target":{"@type":"EntryPoint","urlTemplate":"https:\/\/mtctrat.com.br\/?s={search_term_string}"},"query-input":{"@type":"PropertyValueSpecification","valueRequired":true,"valueName":"search_term_string"}}],"inLanguage":"en-US"},{"@type":"Organization","@id":"https:\/\/mtctrat.com.br\/#organization","name":"Mult Tempera","url":"https:\/\/mtctrat.com.br\/","logo":{"@type":"ImageObject","inLanguage":"en-US","@id":"https:\/\/mtctrat.com.br\/#\/schema\/logo\/image\/","url":"https:\/\/mtctrat.com.br\/wp-content\/uploads\/2021\/01\/Logos_MTCTrat.png","contentUrl":"https:\/\/mtctrat.com.br\/wp-content\/uploads\/2021\/01\/Logos_MTCTrat.png","width":1500,"height":600,"caption":"Mult Tempera"},"image":{"@id":"https:\/\/mtctrat.com.br\/#\/schema\/logo\/image\/"},"sameAs":["https:\/\/www.facebook.com\/mtctrat"]},{"@type":"Person","@id":"https:\/\/mtctrat.com.br\/#\/schema\/person\/59d734acf80b15b61302eb4cd63cc2d2","name":"mtctrat","image":{"@type":"ImageObject","inLanguage":"en-US","@id":"https:\/\/mtctrat.com.br\/#\/schema\/person\/image\/","url":"https:\/\/secure.gravatar.com\/avatar\/de6ca0434183b0dda633bb8f6b2e3c7fc540ada2f6997314d71feeb661456f2d?s=96&d=mm&r=g","contentUrl":"https:\/\/secure.gravatar.com\/avatar\/de6ca0434183b0dda633bb8f6b2e3c7fc540ada2f6997314d71feeb661456f2d?s=96&d=mm&r=g","caption":"mtctrat"},"url":"https:\/\/mtctrat.com.br\/en\/author\/mtctrat\/"}]}},"_links":{"self":[{"href":"https:\/\/mtctrat.com.br\/en\/wp-json\/wp\/v2\/posts\/2959","targetHints":{"allow":["GET"]}}],"collection":[{"href":"https:\/\/mtctrat.com.br\/en\/wp-json\/wp\/v2\/posts"}],"about":[{"href":"https:\/\/mtctrat.com.br\/en\/wp-json\/wp\/v2\/types\/post"}],"author":[{"embeddable":true,"href":"https:\/\/mtctrat.com.br\/en\/wp-json\/wp\/v2\/users\/6"}],"replies":[{"embeddable":true,"href":"https:\/\/mtctrat.com.br\/en\/wp-json\/wp\/v2\/comments?post=2959"}],"version-history":[{"count":1,"href":"https:\/\/mtctrat.com.br\/en\/wp-json\/wp\/v2\/posts\/2959\/revisions"}],"predecessor-version":[{"id":2960,"href":"https:\/\/mtctrat.com.br\/en\/wp-json\/wp\/v2\/posts\/2959\/revisions\/2960"}],"wp:featuredmedia":[{"embeddable":true,"href":"https:\/\/mtctrat.com.br\/en\/wp-json\/wp\/v2\/media\/1244"}],"wp:attachment":[{"href":"https:\/\/mtctrat.com.br\/en\/wp-json\/wp\/v2\/media?parent=2959"}],"wp:term":[{"taxonomy":"category","embeddable":true,"href":"https:\/\/mtctrat.com.br\/en\/wp-json\/wp\/v2\/categories?post=2959"},{"taxonomy":"post_tag","embeddable":true,"href":"https:\/\/mtctrat.com.br\/en\/wp-json\/wp\/v2\/tags?post=2959"}],"curies":[{"name":"wp","href":"https:\/\/api.w.org\/{rel}","templated":true}]}}